{"id":621,"date":"2022-02-21T09:32:39","date_gmt":"2022-02-21T09:32:39","guid":{"rendered":"https:\/\/kagency.it\/wordpress\/hotelpalazzi\/castello-di-gradara-copy\/"},"modified":"2023-12-04T12:42:04","modified_gmt":"2023-12-04T11:42:04","slug":"chateau-de-gradara","status":"publish","type":"post","link":"https:\/\/www.hotelpalazzigabicce.it\/fr\/chateau-de-gradara\/","title":{"rendered":"Le ch\u00e2teau de Gradara"},"content":{"rendered":"\r\n<p>Si vous avez choisi la <strong>c\u00f4te adriatique<\/strong> pour vos vacances, vous devez absolument visiter le <strong>ch\u00e2teau de Gradara<\/strong>.<br \/>Il s&rsquo;agit du <strong>monument le plus visit\u00e9 de la r\u00e9gion des Marches<\/strong>, c\u00e9l\u00e8bre pour la tragique histoire d&rsquo;amour de Paolo et Francesca, immortalis\u00e9e par le r\u00e9cit de Dante dans la Divine Com\u00e9die.<\/p>\r\n<p><!--more--><\/p>\r\n<p><img loading=\"lazy\" decoding=\"async\" class=\"size-medium wp-image-25178 alignleft\" src=\"https:\/\/www.hotelpalazzigabicce.it\/wp-content\/uploads\/2022\/02\/borgo_gradara-300x171.jpg\" alt=\"Gradara\" width=\"300\" height=\"171\" srcset=\"https:\/\/www.hotelpalazzigabicce.it\/wp-content\/uploads\/2022\/02\/borgo_gradara-300x171.jpg 300w, https:\/\/www.hotelpalazzigabicce.it\/wp-content\/uploads\/2022\/02\/borgo_gradara-1024x584.jpg 1024w, https:\/\/www.hotelpalazzigabicce.it\/wp-content\/uploads\/2022\/02\/borgo_gradara-768x438.jpg 768w, https:\/\/www.hotelpalazzigabicce.it\/wp-content\/uploads\/2022\/02\/borgo_gradara-1200x684.jpg 1200w, https:\/\/www.hotelpalazzigabicce.it\/wp-content\/uploads\/2022\/02\/borgo_gradara.jpg 1217w\" sizes=\"auto, (max-width: 300px) 85vw, 300px\" \/>Vous pouvez visiter l&rsquo;int\u00e9rieur de la <strong>forteresse<\/strong> habit\u00e9e au <strong>Moyen \u00c2ge<\/strong> par les puissantes familles qui ont r\u00e9gn\u00e9 ici : <strong>Malatesta, Sforza et Della Rovere<\/strong>.<br \/>A l&rsquo;int\u00e9rieur des murs, on peut faire une promenade de 300 m. sur les anciens chemins de Rondeet et les sentiers romantiques qui entourent la Rocca, jusqu&rsquo;\u00e0 l&rsquo;escalier de l&rsquo;<strong>escalier de l&rsquo;Amour d&rsquo;Elio Fiorucci<\/strong>.<br \/>La petite ville de Gradara est nich\u00e9e entre la premi\u00e8re et la deuxi\u00e8me enceinte.<\/p>\r\n<p>La p\u00e9riode du gouvernement des <strong>Malatesta<\/strong> \u00e9tait tristement c\u00e9l\u00e8bre pour la <strong>trag\u00e9die de Paolo et Francesca<\/strong> qui s&rsquo;est d\u00e9roul\u00e9e ici en septembre 1289 et d\u00e9crite par <strong>Dante<\/strong> dans son <strong>Chant V<\/strong> de la <strong>Divine Com\u00e9die<\/strong>.<br \/><br \/>En 1494, <strong>Lucrezia Borgia<\/strong>, \u00e2g\u00e9e de seulement quatorze ans, arrive, deuxi\u00e8me \u00e9pouse de <strong>Giovanni Sforza<\/strong>. La jeune fille, toujours d\u00e9crite comme perverse et corrompue, \u00e9tait en r\u00e9alit\u00e9 une fille aux cheveux d&rsquo;or et aux yeux bleus soumise par son p\u00e8re : le terrible <strong>pape Alexandre VI Borgia<\/strong>, qui obligeait la jeune fille \u00e0 quitter son pr\u00e9c\u00e9dent mari et \u00e0 en \u00e9pouser de nouveaux pour ses sombres intrigues. Les \u00e9poux qui ne voulaient pas quitter Lucrezia ont fini, comme nous le savons, par \u00eatre empoisonn\u00e9s.<\/p>\r\n<p>A la mort du dernier h\u00e9ritier de la <strong>famille Della Rovere<\/strong>, plusieurs administrations se sont succ\u00e9d\u00e9es, puis au milieu du XVIIIe si\u00e8cle, le <strong>marquis Mosca de Pesaro<\/strong> a pris le relais. Il s&rsquo;est occup\u00e9 avec amour de la construction et de la restauration jusqu&rsquo;\u00e0 sa mort. La forteresse est ensuite devenue propri\u00e9t\u00e9 communale et a \u00e9t\u00e9 vendue \u00e0 divers propri\u00e9taires jusqu&rsquo;en 1920, lorsque l&rsquo;<strong>ing\u00e9nieur Umberto Zanvettori<\/strong> de Belluno l&rsquo;a achet\u00e9e pour trois millions de lires et, entre ses mains habiles, elle a \u00e9t\u00e9 rena\u00eetre et a commenc\u00e9 \u00e0 devenir le village fascinant que nous connaissons aujourd&rsquo;hui !<\/p>\r\n<p>Juste \u00e0 l&rsquo;entr\u00e9e du village m\u00e9di\u00e9val, l&rsquo;<a href=\"https:\/\/www.labottegradara.it\/\"><strong>Osteria La Botte<\/strong><\/a> vous attend pour une exp\u00e9rience gastronomique exceptionnelle, \u00e0 la d\u00e9couverte de la <strong>cuisine typique de la r\u00e9gion des Marches-Romagne<\/strong> pr\u00e9par\u00e9e avec originalit\u00e9 et ma\u00eetrise par le chef Alessandro.<\/p>\r\n<p><img loading=\"lazy\" decoding=\"async\" class=\"size-medium wp-image-624 alignleft\" src=\"https:\/\/www.hotelpalazzigabicce.it\/wp-content\/uploads\/2022\/02\/93-300x130.jpg\" alt=\"\" width=\"300\" height=\"130\" srcset=\"https:\/\/www.hotelpalazzigabicce.it\/wp-content\/uploads\/2022\/02\/93-300x130.jpg 300w, https:\/\/www.hotelpalazzigabicce.it\/wp-content\/uploads\/2022\/02\/93-1024x444.jpg 1024w, https:\/\/www.hotelpalazzigabicce.it\/wp-content\/uploads\/2022\/02\/93-768x333.jpg 768w, https:\/\/www.hotelpalazzigabicce.it\/wp-content\/uploads\/2022\/02\/93-1200x520.jpg 1200w, https:\/\/www.hotelpalazzigabicce.it\/wp-content\/uploads\/2022\/02\/93.jpg 1500w\" sizes=\"auto, (max-width: 300px) 85vw, 300px\" \/><br \/>Conseil : vous pouvez le rejoindre en bus ou en petit train, il est \u00e0 seulement 5 km de Gabicce Mare.<br \/>N&rsquo;oubliez pas votre cam\u00e9ra !<\/p>\r\n","protected":false},"excerpt":{"rendered":"<p>Testo corto di Prova. Lorem ipsum dolor sit amet.<\/p>\n","protected":false},"author":1,"featured_media":25225,"comment_status":"closed","ping_status":"open","sticky":false,"template":"","format":"standard","meta":{"_acf_changed":false,"_monsterinsights_skip_tracking":false,"_monsterinsights_sitenote_active":false,"_monsterinsights_sitenote_note":"","_monsterinsights_sitenote_category":0,"footnotes":""},"categories":[12],"tags":[],"class_list":["post-621","post","type-post","status-publish","format-standard","has-post-thumbnail","hentry","category-non-classifiee"],"acf":[],"_links":{"self":[{"href":"https:\/\/www.hotelpalazzigabicce.it\/fr\/wp-json\/wp\/v2\/posts\/621","targetHints":{"allow":["GET"]}}],"collection":[{"href":"https:\/\/www.hotelpalazzigabicce.it\/fr\/wp-json\/wp\/v2\/posts"}],"about":[{"href":"https:\/\/www.hotelpalazzigabicce.it\/fr\/wp-json\/wp\/v2\/types\/post"}],"author":[{"embeddable":true,"href":"https:\/\/www.hotelpalazzigabicce.it\/fr\/wp-json\/wp\/v2\/users\/1"}],"replies":[{"embeddable":true,"href":"https:\/\/www.hotelpalazzigabicce.it\/fr\/wp-json\/wp\/v2\/comments?post=621"}],"version-history":[{"count":5,"href":"https:\/\/www.hotelpalazzigabicce.it\/fr\/wp-json\/wp\/v2\/posts\/621\/revisions"}],"predecessor-version":[{"id":25229,"href":"https:\/\/www.hotelpalazzigabicce.it\/fr\/wp-json\/wp\/v2\/posts\/621\/revisions\/25229"}],"wp:featuredmedia":[{"embeddable":true,"href":"https:\/\/www.hotelpalazzigabicce.it\/fr\/wp-json\/wp\/v2\/media\/25225"}],"wp:attachment":[{"href":"https:\/\/www.hotelpalazzigabicce.it\/fr\/wp-json\/wp\/v2\/media?parent=621"}],"wp:term":[{"taxonomy":"category","embeddable":true,"href":"https:\/\/www.hotelpalazzigabicce.it\/fr\/wp-json\/wp\/v2\/categories?post=621"},{"taxonomy":"post_tag","embeddable":true,"href":"https:\/\/www.hotelpalazzigabicce.it\/fr\/wp-json\/wp\/v2\/tags?post=621"}],"curies":[{"name":"wp","href":"https:\/\/api.w.org\/{rel}","templated":true}]}}